{"id":9036,"date":"2026-03-09T11:18:16","date_gmt":"2026-03-09T10:18:16","guid":{"rendered":"https:\/\/subli.nl\/?p=9036"},"modified":"2026-04-15T08:51:15","modified_gmt":"2026-04-15T06:51:15","slug":"wiederherstellung-von-pferdeweiden-im-fruhjahr-durch-ubersaat-oder-neueinsaat","status":"publish","type":"post","link":"https:\/\/subli.nl\/de\/paardenweide-herstellen-in-het-voorjaar-doorzaaien-of-herinzaaien\/","title":{"rendered":"Wiederherstellung von Pferdeweiden im Fr\u00fchjahr: \u00dcbers\u00e4en oder Nachs\u00e4en?"},"content":{"rendered":"<p><img loading=\"lazy\" decoding=\"async\" class=\"alignnone wp-image-9038 size-full\" src=\"https:\/\/subli.nl\/wp-content\/uploads\/2026\/03\/paarden-in-wei-1200x630-1.jpg\" alt=\"Pferde auf der Weide\" width=\"1200\" height=\"630\" srcset=\"https:\/\/subli.nl\/wp-content\/uploads\/2026\/03\/paarden-in-wei-1200x630-1.jpg 1200w, https:\/\/subli.nl\/wp-content\/uploads\/2026\/03\/paarden-in-wei-1200x630-1-250x131.jpg 250w, https:\/\/subli.nl\/wp-content\/uploads\/2026\/03\/paarden-in-wei-1200x630-1-700x368.jpg 700w, https:\/\/subli.nl\/wp-content\/uploads\/2026\/03\/paarden-in-wei-1200x630-1-768x403.jpg 768w, https:\/\/subli.nl\/wp-content\/uploads\/2026\/03\/paarden-in-wei-1200x630-1-18x9.jpg 18w, https:\/\/subli.nl\/wp-content\/uploads\/2026\/03\/paarden-in-wei-1200x630-1-120x63.jpg 120w\" sizes=\"auto, (max-width: 1200px) 100vw, 1200px\" \/><\/p>\n<p>Mit dem Fr\u00fchling kehrt nicht nur das Gras zur\u00fcck, sondern es beginnt auch die neue Weidesaison f\u00fcr Ihre Pferde. Ein guter Zeitpunkt, um einen kritischen Blick auf Ihre Pferdeweide zu werfen. Je besser die Grasnarbe, desto besser k\u00f6nnen Ihre Pferde grasen und desto stabiler bleiben ihre Rationen.<\/p>\n<h2>\u00dcberpr\u00fcfung der Qualit\u00e4t der Pferdeweide im Fr\u00fchjahr<\/h2>\n<p>Im Fr\u00fchling sprie\u00dft das Gras wieder. F\u00fcr Pferdebesitzer ist dies der Zeitpunkt, die Pferdeweide genau unter die Lupe zu nehmen. Je besser die Grasnarbe, desto besser k\u00f6nnen Ihre Pferde grasen und desto stabiler bleibt die Ration.<\/p>\n<p>Nach dem Winter kann sich die Qualit\u00e4t des Gr\u00fcnlands erheblich ver\u00e4ndert haben. Intensive Beweidung, Pf\u00fctzenbildung oder M\u00e4usesch\u00e4den k\u00f6nnen zu kahlen Stellen f\u00fchren. Vor allem in relativ trockenen Wintern haben M\u00e4use oft die Gelegenheit, L\u00f6cher zu graben und die Wurzeln des Grases zu fressen. Die Folge: L\u00fccken in der Grasnarbe.<\/p>\n<p>Wenn man diese Stellen bel\u00e4sst, werden sie oft schnell von Unkraut oder weniger erw\u00fcnschten Gr\u00e4sern aufgef\u00fcllt. Das mindert nicht nur den Ertrag der Wiese, sondern auch die Qualit\u00e4t des Futters f\u00fcr Ihre Pferde.<\/p>\n<h2>Achten Sie im Fr\u00fchjahr auf Raufutter<\/h2>\n<p>Ein Gras, das im Fr\u00fchjahr oft schnell auftaucht, ist die Raue Leguminose. Dieses Gras w\u00e4chst schon bei Temperaturen von etwa 5 \u00b0C und kann daher schnell kahle Stellen besiedeln.<\/p>\n<div id=\"attachment_9039\" style=\"width: 161px\" class=\"wp-caption alignright\"><img loading=\"lazy\" decoding=\"async\" aria-describedby=\"caption-attachment-9039\" class=\"size-full wp-image-9039\" src=\"https:\/\/subli.nl\/wp-content\/uploads\/2026\/03\/paardenweide-ruwbeemd.jpg\" alt=\"\" width=\"151\" height=\"166\" srcset=\"https:\/\/subli.nl\/wp-content\/uploads\/2026\/03\/paardenweide-ruwbeemd.jpg 151w, https:\/\/subli.nl\/wp-content\/uploads\/2026\/03\/paardenweide-ruwbeemd-11x12.jpg 11w, https:\/\/subli.nl\/wp-content\/uploads\/2026\/03\/paardenweide-ruwbeemd-120x132.jpg 120w\" sizes=\"auto, (max-width: 151px) 100vw, 151px\" \/><p id=\"caption-attachment-9039\" class=\"wp-caption-text\">Raufutter<\/p><\/div>\n<p>F\u00fcr Pferdeweiden ist das Raufutter weniger geeignet. Es hat n\u00e4mlich:<\/p>\n<ul>\n<li>geringerer Trockenmasseertrag (20-25% weniger als Weidelgras)<\/li>\n<li>ein flaches Wurzelsystem, das den Boden schneller austrocknen l\u00e4sst<\/li>\n<li>niedrigerer Einspeisewert<\/li>\n<\/ul>\n<p>Die Raue Leguminose erkennt man oft an den typischen wei\u00dfen F\u00fc\u00dfen auf der Unterseite der Pflanze.<\/p>\n<h2>Wiederherstellung kahler Stellen im Gr\u00fcnland<\/h2>\n<p>Durch fr\u00fchzeitiges Handeln im Fr\u00fchjahr k\u00f6nnen Sie verhindern, dass sich die Qualit\u00e4t Ihrer Pferdeweide verschlechtert. Je nach Zustand der Fl\u00e4che k\u00f6nnen Sie \u00fcberd\u00fcngen oder nachs\u00e4en. M\u00e4rz-April ist ein geeigneter Zeitraum daf\u00fcr.<\/p>\n<p>Ein praktischer Leitfaden:<\/p>\n<ul>\n<li>\u00dcber 80% gute Gr\u00e4ser. Erg\u00e4nzungssaat kleine offene Fl\u00e4chen mit etwa 15-20 kg pro Hektar<\/li>\n<li>60-80% gute Gr\u00e4ser. \u00dcbers\u00e4en der Parzelle mit 25-30 kg pro Hektar<\/li>\n<li>Weniger als 60% gute Gr\u00e4ser. Bei starker Vermehrung oder Struktursch\u00e4den, z. B. durch M\u00e4use, ist eine Nachsaat oder ein Fruchtwechsel mit Mais oft die beste Wahl.<\/li>\n<\/ul>\n<div id=\"attachment_9041\" style=\"width: 260px\" class=\"wp-caption alignnone\"><img loading=\"lazy\" decoding=\"async\" aria-describedby=\"caption-attachment-9041\" class=\"wp-image-9041 size-medium\" src=\"https:\/\/subli.nl\/wp-content\/uploads\/2026\/03\/paardenweide-vogelmuur-250x167.jpg\" alt=\"Vogelwand auf der Pferdeweide\" width=\"250\" height=\"167\" srcset=\"https:\/\/subli.nl\/wp-content\/uploads\/2026\/03\/paardenweide-vogelmuur-250x167.jpg 250w, https:\/\/subli.nl\/wp-content\/uploads\/2026\/03\/paardenweide-vogelmuur-18x12.jpg 18w, https:\/\/subli.nl\/wp-content\/uploads\/2026\/03\/paardenweide-vogelmuur-120x80.jpg 120w, https:\/\/subli.nl\/wp-content\/uploads\/2026\/03\/paardenweide-vogelmuur.jpg 552w\" sizes=\"auto, (max-width: 250px) 100vw, 250px\" \/><p id=\"caption-attachment-9041\" class=\"wp-caption-text\">Vogelwand<\/p><\/div>\n<div id=\"attachment_9040\" style=\"width: 260px\" class=\"wp-caption alignnone\"><img loading=\"lazy\" decoding=\"async\" aria-describedby=\"caption-attachment-9040\" class=\"wp-image-9040 size-medium\" src=\"https:\/\/subli.nl\/wp-content\/uploads\/2026\/03\/paardenweide-kweek-250x165.png\" alt=\"Aufzucht auf Pferdeweiden\" width=\"250\" height=\"165\" srcset=\"https:\/\/subli.nl\/wp-content\/uploads\/2026\/03\/paardenweide-kweek-250x165.png 250w, https:\/\/subli.nl\/wp-content\/uploads\/2026\/03\/paardenweide-kweek-18x12.png 18w, https:\/\/subli.nl\/wp-content\/uploads\/2026\/03\/paardenweide-kweek-120x79.png 120w, https:\/\/subli.nl\/wp-content\/uploads\/2026\/03\/paardenweide-kweek.png 601w\" sizes=\"auto, (max-width: 250px) 100vw, 250px\" \/><p id=\"caption-attachment-9040\" class=\"wp-caption-text\">Kultur<\/p><\/div>\n<h2>Grasmischungen f\u00fcr eine gesunde Pferdeweide<\/h2>\n<p>Nicht jedes Gras ist f\u00fcr Pferde gleich gut geeignet. F\u00fcr Pferdeweiden sind Mischungen entwickelt worden, die das Weideverhalten und die Gesundheit der Pferde ber\u00fccksichtigen.<\/p>\n<h3>Pferdemeister (Barenbrug)<\/h3>\n<p>Diese Mischung besteht aus strukturierten und schmackhaften Gr\u00e4sern und bildet eine starke, dichte Grasnarbe. Dank der RPR-Technologie kann das Gras intensiver Begehung und Zertrampeln besser standhalten. Der niedrige Wachstumspunkt macht die Mischung f\u00fcr eine kurze Beweidung geeignet.<\/p>\n<h3>HorseMax-Weidehaltung (DLF)<\/h3>\n<p>Diese Mischung ist speziell auf das Wohlbefinden der Pferde ausgerichtet. Sie enth\u00e4lt Gr\u00e4ser mit moderatem Eiwei\u00df- und Zuckergehalt, die sich gut in eine ausgewogene Ration einf\u00fcgen. Der niedrige Wachstumspunkt macht es f\u00fcr kurz abgeweidete Weiden geeignet.<\/p>\n<h3>PferdMax Hayes (DLF)<\/h3>\n<p>Diese Mischung enth\u00e4lt verschiedene Gr\u00e4ser mit unterschiedlicher Struktur und ist daher ideal f\u00fcr die Gewinnung von Heu f\u00fcr Pferde. Sie kombiniert eine gute Schmackhaftigkeit mit einem hohen Trockenmasseertrag.<\/p>\n<p>Alle drei Mischungen haben einen niedrigen Fruktangehalt. Das ist wichtig, weil das Gras im Fr\u00fchjahr, wenn es viel Sonne und kalte N\u00e4chte gibt, mehr Fruktan produzieren kann. Fruktan ist eine Zuckerart, die Pferde nicht so gut verdauen k\u00f6nnen. Eine \u00fcberm\u00e4\u00dfige Aufnahme kann das Risiko einer Hufrehe erh\u00f6hen.<\/p>\n<h2>Unkrautbek\u00e4mpfung auf Pferdeweiden<\/h2>\n<p>Neben kahlen Stellen kann auch Unkraut eine Rolle f\u00fcr die Qualit\u00e4t Ihrer Pferdeweide spielen. Die Vorgehensweise h\u00e4ngt haupts\u00e4chlich von der Menge des Unkrauts ab.<\/p>\n<p><strong>Mit begrenztem Unkrautdruck<br \/>\n<\/strong>Eine mechanische Kontrolle, z. B. durch Wiegeeggen, kann bereits ausreichend sein.<\/p>\n<p><strong>Wenn es viel Unkraut gibt<\/strong><br \/>\nDie chemische Bek\u00e4mpfung kann eine wirksame L\u00f6sung sein.<\/p>\n<p>Einige Punkte von Interesse:<\/p>\n<ul>\n<li>Mit Mitteln, die auch bei niedrigen Temperaturen wirken, k\u00f6nnen Sie die Mauer schon fr\u00fch im Fr\u00fchjahr bek\u00e4mpfen.<\/li>\n<li>In der Regel l\u00e4sst sich der Anbau sp\u00e4ter in der Vegetationsperiode besser kontrollieren.<\/li>\n<li>Warten Sie nach dem Spritzen mindestens eine Woche, bevor Sie erneut s\u00e4en oder \u00fcberarbeiten.<\/li>\n<\/ul>\n<h2 data-section-id=\"16jxfmz\" data-start=\"4349\" data-end=\"4394\">Eine gute Pferdekoppel beginnt mit Aufmerksamkeit<\/h2>\n<p data-start=\"4395\" data-end=\"4600\">Eine gesunde Pferdeweide bildet die Grundlage f\u00fcr die Ration Ihres Pferdes. Wenn Sie Ihre Weide im Fr\u00fchjahr genau unter die Lupe nehmen und rechtzeitig Anpassungen vornehmen, k\u00f6nnen Sie sp\u00e4ter in der Saison Probleme vermeiden. Sind Sie unsicher \u00fcber den Zustand Ihrer Pferdeweide oder die beste Vorgehensweise f\u00fcr Ihr Grundst\u00fcck? Die Spezialisten von Subli schauen sich das gerne mit Ihnen an. Wir arbeiten eng zusammen mit der <a href=\"https:\/\/www.agruniekrijnvallei.nl\/contact\/specialisten\/?Sector=Ruwvoerteelt\" target=\"_blank\" rel=\"noopener\">Gr\u00fcnlandspezialisten von unserer Schwesterfirma AR Plant B.V.<\/a>, So erhalten Sie Ratschl\u00e4ge, die sowohl zu Ihren Pferden als auch zu Ihrem Gr\u00fcnland passen.<\/p>","protected":false},"excerpt":{"rendered":"<p>Mit dem Fr\u00fchling kehrt nicht nur das Gras zur\u00fcck, sondern es beginnt auch die neue Weidesaison f\u00fcr Ihre Pferde. Ein guter Zeitpunkt, um einen kritischen Blick auf Ihre Pferdeweide zu werfen. Je besser die Grasnarbe, desto besser k\u00f6nnen Ihre Pferde grasen und desto stabiler bleibt ihre Ration. \u00dcberpr\u00fcfen Sie die Qualit\u00e4t Ihrer Pferdeweide im Fr\u00fchjahr...<\/p>","protected":false},"author":4,"featured_media":0,"comment_status":"closed","ping_status":"closed","sticky":false,"template":"","format":"standard","meta":{"_acf_changed":false,"footnotes":""},"categories":[5],"tags":[],"class_list":["post-9036","post","type-post","status-publish","format-standard","hentry","category-nieuws"],"acf":[],"yoast_head":"<!-- This site is optimized with the Yoast SEO plugin v27.4 - https:\/\/yoast.com\/product\/yoast-seo-wordpress\/ -->\n<title>Paardenweide in het voorjaar: zo houd je je grasland gezond<\/title>\n<meta name=\"description\" content=\"Controleer in het voorjaar de kwaliteit van je paardenweide. Voorkom kale plekken, ruwbeemd en onkruid en zorg voor een gezonde grasmat voor je paard.\" \/>\n<meta name=\"robots\" content=\"index, follow, max-snippet:-1, max-image-preview:large, max-video-preview:-1\" \/>\n<link rel=\"canonical\" href=\"https:\/\/subli.nl\/de\/wiederherstellung-von-pferdeweiden-im-fruhjahr-durch-ubersaat-oder-neueinsaat\/\" \/>\n<meta property=\"og:locale\" content=\"de_DE\" \/>\n<meta property=\"og:type\" content=\"article\" \/>\n<meta property=\"og:title\" content=\"Paardenweide in het voorjaar: zo houd je je grasland gezond\" \/>\n<meta property=\"og:description\" content=\"Controleer in het voorjaar de kwaliteit van je paardenweide. Voorkom kale plekken, ruwbeemd en onkruid en zorg voor een gezonde grasmat voor je paard.\" \/>\n<meta property=\"og:url\" content=\"https:\/\/subli.nl\/de\/wiederherstellung-von-pferdeweiden-im-fruhjahr-durch-ubersaat-oder-neueinsaat\/\" \/>\n<meta property=\"og:site_name\" content=\"Subli\" \/>\n<meta property=\"article:published_time\" content=\"2026-03-09T10:18:16+00:00\" \/>\n<meta property=\"article:modified_time\" content=\"2026-04-15T06:51:15+00:00\" \/>\n<meta property=\"og:image\" content=\"https:\/\/subli.nl\/wp-content\/uploads\/2026\/03\/paarden-in-wei-1200x630-1.jpg\" \/>\n\t<meta property=\"og:image:width\" content=\"1200\" \/>\n\t<meta property=\"og:image:height\" content=\"630\" \/>\n\t<meta property=\"og:image:type\" content=\"image\/jpeg\" \/>\n<meta name=\"author\" content=\"subli_editor\" \/>\n<meta name=\"twitter:card\" content=\"summary_large_image\" \/>\n<meta name=\"twitter:label1\" content=\"Verfasst von\" \/>\n\t<meta name=\"twitter:data1\" content=\"subli_editor\" \/>\n\t<meta name=\"twitter:label2\" content=\"Gesch\u00e4tzte Lesezeit\" \/>\n\t<meta name=\"twitter:data2\" content=\"5\u00a0Minuten\" \/>\n<script type=\"application\/ld+json\" class=\"yoast-schema-graph\">{\"@context\":\"https:\\\/\\\/schema.org\",\"@graph\":[{\"@type\":\"Article\",\"@id\":\"https:\\\/\\\/subli.nl\\\/paardenweide-herstellen-in-het-voorjaar-doorzaaien-of-herinzaaien\\\/#article\",\"isPartOf\":{\"@id\":\"https:\\\/\\\/subli.nl\\\/paardenweide-herstellen-in-het-voorjaar-doorzaaien-of-herinzaaien\\\/\"},\"author\":{\"name\":\"subli_editor\",\"@id\":\"https:\\\/\\\/subli.nl\\\/#\\\/schema\\\/person\\\/d0722bffe598d661ecb65b14363d707e\"},\"headline\":\"Paardenweide herstellen in het voorjaar: doorzaaien of herinzaaien?\",\"datePublished\":\"2026-03-09T10:18:16+00:00\",\"dateModified\":\"2026-04-15T06:51:15+00:00\",\"mainEntityOfPage\":{\"@id\":\"https:\\\/\\\/subli.nl\\\/paardenweide-herstellen-in-het-voorjaar-doorzaaien-of-herinzaaien\\\/\"},\"wordCount\":742,\"publisher\":{\"@id\":\"https:\\\/\\\/subli.nl\\\/#organization\"},\"image\":{\"@id\":\"https:\\\/\\\/subli.nl\\\/paardenweide-herstellen-in-het-voorjaar-doorzaaien-of-herinzaaien\\\/#primaryimage\"},\"thumbnailUrl\":\"https:\\\/\\\/subli.nl\\\/wp-content\\\/uploads\\\/2026\\\/03\\\/paarden-in-wei-1200x630-1.jpg\",\"articleSection\":[\"Nieuws\"],\"inLanguage\":\"de\"},{\"@type\":\"WebPage\",\"@id\":\"https:\\\/\\\/subli.nl\\\/paardenweide-herstellen-in-het-voorjaar-doorzaaien-of-herinzaaien\\\/\",\"url\":\"https:\\\/\\\/subli.nl\\\/paardenweide-herstellen-in-het-voorjaar-doorzaaien-of-herinzaaien\\\/\",\"name\":\"Paardenweide in het voorjaar: zo houd je je grasland gezond\",\"isPartOf\":{\"@id\":\"https:\\\/\\\/subli.nl\\\/#website\"},\"primaryImageOfPage\":{\"@id\":\"https:\\\/\\\/subli.nl\\\/paardenweide-herstellen-in-het-voorjaar-doorzaaien-of-herinzaaien\\\/#primaryimage\"},\"image\":{\"@id\":\"https:\\\/\\\/subli.nl\\\/paardenweide-herstellen-in-het-voorjaar-doorzaaien-of-herinzaaien\\\/#primaryimage\"},\"thumbnailUrl\":\"https:\\\/\\\/subli.nl\\\/wp-content\\\/uploads\\\/2026\\\/03\\\/paarden-in-wei-1200x630-1.jpg\",\"datePublished\":\"2026-03-09T10:18:16+00:00\",\"dateModified\":\"2026-04-15T06:51:15+00:00\",\"description\":\"Controleer in het voorjaar de kwaliteit van je paardenweide. Voorkom kale plekken, ruwbeemd en onkruid en zorg voor een gezonde grasmat voor je paard.\",\"inLanguage\":\"de\",\"potentialAction\":[{\"@type\":\"ReadAction\",\"target\":[\"https:\\\/\\\/subli.nl\\\/paardenweide-herstellen-in-het-voorjaar-doorzaaien-of-herinzaaien\\\/\"]}]},{\"@type\":\"ImageObject\",\"inLanguage\":\"de\",\"@id\":\"https:\\\/\\\/subli.nl\\\/paardenweide-herstellen-in-het-voorjaar-doorzaaien-of-herinzaaien\\\/#primaryimage\",\"url\":\"https:\\\/\\\/subli.nl\\\/wp-content\\\/uploads\\\/2026\\\/03\\\/paarden-in-wei-1200x630-1.jpg\",\"contentUrl\":\"https:\\\/\\\/subli.nl\\\/wp-content\\\/uploads\\\/2026\\\/03\\\/paarden-in-wei-1200x630-1.jpg\"},{\"@type\":\"WebSite\",\"@id\":\"https:\\\/\\\/subli.nl\\\/#website\",\"url\":\"https:\\\/\\\/subli.nl\\\/\",\"name\":\"Subli\",\"description\":\"Paardenvoeders\",\"publisher\":{\"@id\":\"https:\\\/\\\/subli.nl\\\/#organization\"},\"potentialAction\":[{\"@type\":\"SearchAction\",\"target\":{\"@type\":\"EntryPoint\",\"urlTemplate\":\"https:\\\/\\\/subli.nl\\\/?s={search_term_string}\"},\"query-input\":{\"@type\":\"PropertyValueSpecification\",\"valueRequired\":true,\"valueName\":\"search_term_string\"}}],\"inLanguage\":\"de\"},{\"@type\":\"Organization\",\"@id\":\"https:\\\/\\\/subli.nl\\\/#organization\",\"name\":\"Subli\",\"url\":\"https:\\\/\\\/subli.nl\\\/\",\"logo\":{\"@type\":\"ImageObject\",\"inLanguage\":\"de\",\"@id\":\"https:\\\/\\\/subli.nl\\\/#\\\/schema\\\/logo\\\/image\\\/\",\"url\":\"https:\\\/\\\/subli.nl\\\/wp-content\\\/uploads\\\/2023\\\/06\\\/logo-subli-nieuw.svg\",\"contentUrl\":\"https:\\\/\\\/subli.nl\\\/wp-content\\\/uploads\\\/2023\\\/06\\\/logo-subli-nieuw.svg\",\"width\":100,\"height\":100,\"caption\":\"Subli\"},\"image\":{\"@id\":\"https:\\\/\\\/subli.nl\\\/#\\\/schema\\\/logo\\\/image\\\/\"}},{\"@type\":\"Person\",\"@id\":\"https:\\\/\\\/subli.nl\\\/#\\\/schema\\\/person\\\/d0722bffe598d661ecb65b14363d707e\",\"name\":\"subli_editor\",\"url\":\"https:\\\/\\\/subli.nl\\\/de\\\/author\\\/subli_editor\\\/\"}]}<\/script>\n<!-- \/ Yoast SEO plugin. -->","yoast_head_json":{"title":"Pferdeweide im Fr\u00fchling: So halten Sie Ihr Gr\u00fcnland gesund","description":"Kontrollieren Sie im Fr\u00fchjahr die Qualit\u00e4t Ihrer Pferdeweide. Vermeiden Sie kahle Stellen, grobe Stoppeln und Unkraut und sorgen Sie f\u00fcr eine gesunde Grasnarbe f\u00fcr Ihr Pferd.","robots":{"index":"index","follow":"follow","max-snippet":"max-snippet:-1","max-image-preview":"max-image-preview:large","max-video-preview":"max-video-preview:-1"},"canonical":"https:\/\/subli.nl\/de\/wiederherstellung-von-pferdeweiden-im-fruhjahr-durch-ubersaat-oder-neueinsaat\/","og_locale":"de_DE","og_type":"article","og_title":"Paardenweide in het voorjaar: zo houd je je grasland gezond","og_description":"Controleer in het voorjaar de kwaliteit van je paardenweide. Voorkom kale plekken, ruwbeemd en onkruid en zorg voor een gezonde grasmat voor je paard.","og_url":"https:\/\/subli.nl\/de\/wiederherstellung-von-pferdeweiden-im-fruhjahr-durch-ubersaat-oder-neueinsaat\/","og_site_name":"Subli","article_published_time":"2026-03-09T10:18:16+00:00","article_modified_time":"2026-04-15T06:51:15+00:00","og_image":[{"width":1200,"height":630,"url":"https:\/\/subli.nl\/wp-content\/uploads\/2026\/03\/paarden-in-wei-1200x630-1.jpg","type":"image\/jpeg"}],"author":"subli_editor","twitter_card":"summary_large_image","twitter_misc":{"Verfasst von":"subli_editor","Gesch\u00e4tzte Lesezeit":"5\u00a0Minuten"},"schema":{"@context":"https:\/\/schema.org","@graph":[{"@type":"Article","@id":"https:\/\/subli.nl\/paardenweide-herstellen-in-het-voorjaar-doorzaaien-of-herinzaaien\/#article","isPartOf":{"@id":"https:\/\/subli.nl\/paardenweide-herstellen-in-het-voorjaar-doorzaaien-of-herinzaaien\/"},"author":{"name":"subli_editor","@id":"https:\/\/subli.nl\/#\/schema\/person\/d0722bffe598d661ecb65b14363d707e"},"headline":"Paardenweide herstellen in het voorjaar: doorzaaien of herinzaaien?","datePublished":"2026-03-09T10:18:16+00:00","dateModified":"2026-04-15T06:51:15+00:00","mainEntityOfPage":{"@id":"https:\/\/subli.nl\/paardenweide-herstellen-in-het-voorjaar-doorzaaien-of-herinzaaien\/"},"wordCount":742,"publisher":{"@id":"https:\/\/subli.nl\/#organization"},"image":{"@id":"https:\/\/subli.nl\/paardenweide-herstellen-in-het-voorjaar-doorzaaien-of-herinzaaien\/#primaryimage"},"thumbnailUrl":"https:\/\/subli.nl\/wp-content\/uploads\/2026\/03\/paarden-in-wei-1200x630-1.jpg","articleSection":["Nieuws"],"inLanguage":"de"},{"@type":"WebPage","@id":"https:\/\/subli.nl\/paardenweide-herstellen-in-het-voorjaar-doorzaaien-of-herinzaaien\/","url":"https:\/\/subli.nl\/paardenweide-herstellen-in-het-voorjaar-doorzaaien-of-herinzaaien\/","name":"Pferdeweide im Fr\u00fchling: So halten Sie Ihr Gr\u00fcnland gesund","isPartOf":{"@id":"https:\/\/subli.nl\/#website"},"primaryImageOfPage":{"@id":"https:\/\/subli.nl\/paardenweide-herstellen-in-het-voorjaar-doorzaaien-of-herinzaaien\/#primaryimage"},"image":{"@id":"https:\/\/subli.nl\/paardenweide-herstellen-in-het-voorjaar-doorzaaien-of-herinzaaien\/#primaryimage"},"thumbnailUrl":"https:\/\/subli.nl\/wp-content\/uploads\/2026\/03\/paarden-in-wei-1200x630-1.jpg","datePublished":"2026-03-09T10:18:16+00:00","dateModified":"2026-04-15T06:51:15+00:00","description":"Kontrollieren Sie im Fr\u00fchjahr die Qualit\u00e4t Ihrer Pferdeweide. Vermeiden Sie kahle Stellen, grobe Stoppeln und Unkraut und sorgen Sie f\u00fcr eine gesunde Grasnarbe f\u00fcr Ihr Pferd.","inLanguage":"de","potentialAction":[{"@type":"ReadAction","target":["https:\/\/subli.nl\/paardenweide-herstellen-in-het-voorjaar-doorzaaien-of-herinzaaien\/"]}]},{"@type":"ImageObject","inLanguage":"de","@id":"https:\/\/subli.nl\/paardenweide-herstellen-in-het-voorjaar-doorzaaien-of-herinzaaien\/#primaryimage","url":"https:\/\/subli.nl\/wp-content\/uploads\/2026\/03\/paarden-in-wei-1200x630-1.jpg","contentUrl":"https:\/\/subli.nl\/wp-content\/uploads\/2026\/03\/paarden-in-wei-1200x630-1.jpg"},{"@type":"WebSite","@id":"https:\/\/subli.nl\/#website","url":"https:\/\/subli.nl\/","name":"Subli","description":"Pferdefutter","publisher":{"@id":"https:\/\/subli.nl\/#organization"},"potentialAction":[{"@type":"SearchAction","target":{"@type":"EntryPoint","urlTemplate":"https:\/\/subli.nl\/?s={search_term_string}"},"query-input":{"@type":"PropertyValueSpecification","valueRequired":true,"valueName":"search_term_string"}}],"inLanguage":"de"},{"@type":"Organization","@id":"https:\/\/subli.nl\/#organization","name":"Subli","url":"https:\/\/subli.nl\/","logo":{"@type":"ImageObject","inLanguage":"de","@id":"https:\/\/subli.nl\/#\/schema\/logo\/image\/","url":"https:\/\/subli.nl\/wp-content\/uploads\/2023\/06\/logo-subli-nieuw.svg","contentUrl":"https:\/\/subli.nl\/wp-content\/uploads\/2023\/06\/logo-subli-nieuw.svg","width":100,"height":100,"caption":"Subli"},"image":{"@id":"https:\/\/subli.nl\/#\/schema\/logo\/image\/"}},{"@type":"Person","@id":"https:\/\/subli.nl\/#\/schema\/person\/d0722bffe598d661ecb65b14363d707e","name":"subli_editor","url":"https:\/\/subli.nl\/de\/author\/subli_editor\/"}]}},"_links":{"self":[{"href":"https:\/\/subli.nl\/de\/wp-json\/wp\/v2\/posts\/9036","targetHints":{"allow":["GET"]}}],"collection":[{"href":"https:\/\/subli.nl\/de\/wp-json\/wp\/v2\/posts"}],"about":[{"href":"https:\/\/subli.nl\/de\/wp-json\/wp\/v2\/types\/post"}],"author":[{"embeddable":true,"href":"https:\/\/subli.nl\/de\/wp-json\/wp\/v2\/users\/4"}],"replies":[{"embeddable":true,"href":"https:\/\/subli.nl\/de\/wp-json\/wp\/v2\/comments?post=9036"}],"version-history":[{"count":5,"href":"https:\/\/subli.nl\/de\/wp-json\/wp\/v2\/posts\/9036\/revisions"}],"predecessor-version":[{"id":9052,"href":"https:\/\/subli.nl\/de\/wp-json\/wp\/v2\/posts\/9036\/revisions\/9052"}],"wp:attachment":[{"href":"https:\/\/subli.nl\/de\/wp-json\/wp\/v2\/media?parent=9036"}],"wp:term":[{"taxonomy":"category","embeddable":true,"href":"https:\/\/subli.nl\/de\/wp-json\/wp\/v2\/categories?post=9036"},{"taxonomy":"post_tag","embeddable":true,"href":"https:\/\/subli.nl\/de\/wp-json\/wp\/v2\/tags?post=9036"}],"curies":[{"name":"wp","href":"https:\/\/api.w.org\/{rel}","templated":true}]}}