{"id":8896,"date":"2025-07-29T14:39:44","date_gmt":"2025-07-29T12:39:44","guid":{"rendered":"https:\/\/subli.nl\/?p=8896"},"modified":"2025-07-29T14:42:00","modified_gmt":"2025-07-29T12:42:00","slug":"zusammensetzung-subli-seniores-priores-wurde-verbessert","status":"publish","type":"post","link":"https:\/\/subli.nl\/de\/samenstelling-subli-seniores-priores-is-verbeterd\/","title":{"rendered":"Zusammensetzung der Subli Seniores Priores verbessert"},"content":{"rendered":"<p>Seniores Priores gibt es seit 20 Jahren, und nach all diesen Jahren entwickeln wir das Produkt immer noch weiter. Damit es noch besser zu Ihnen und Ihrem Pferd passt.<\/p>\n<p><strong>Jetzt mit Lieschgras-Brocken<\/strong><br \/>\n<img loading=\"lazy\" decoding=\"async\" class=\"wp-image-8898 alignright\" src=\"https:\/\/subli.nl\/wp-content\/uploads\/2025\/07\/Subli-Seniores-Priores-nieuwe-samenstelling-juli-2025-met-timotheebrok-scaled-e1753792632356.jpg\" alt=\"\" width=\"215\" height=\"191\" srcset=\"https:\/\/subli.nl\/wp-content\/uploads\/2025\/07\/Subli-Seniores-Priores-nieuwe-samenstelling-juli-2025-met-timotheebrok-scaled-e1753792632356.jpg 1354w, https:\/\/subli.nl\/wp-content\/uploads\/2025\/07\/Subli-Seniores-Priores-nieuwe-samenstelling-juli-2025-met-timotheebrok-scaled-e1753792632356-250x222.jpg 250w, https:\/\/subli.nl\/wp-content\/uploads\/2025\/07\/Subli-Seniores-Priores-nieuwe-samenstelling-juli-2025-met-timotheebrok-scaled-e1753792632356-700x620.jpg 700w, https:\/\/subli.nl\/wp-content\/uploads\/2025\/07\/Subli-Seniores-Priores-nieuwe-samenstelling-juli-2025-met-timotheebrok-scaled-e1753792632356-768x681.jpg 768w, https:\/\/subli.nl\/wp-content\/uploads\/2025\/07\/Subli-Seniores-Priores-nieuwe-samenstelling-juli-2025-met-timotheebrok-scaled-e1753792632356-14x12.jpg 14w, https:\/\/subli.nl\/wp-content\/uploads\/2025\/07\/Subli-Seniores-Priores-nieuwe-samenstelling-juli-2025-met-timotheebrok-scaled-e1753792632356-120x106.jpg 120w\" sizes=\"auto, (max-width: 215px) 100vw, 215px\" \/>Lieschgras wurde jetzt in Subli Seniores Priores aufgenommen. Lieschgras ist eine Grasart und Gras geh\u00f6rt zur Basis der Pferderation. Im Vergleich zu anderen Gr\u00e4sern, wie dem Englischen Weidelgras, enth\u00e4lt Lieschgras von Natur aus weniger Zucker.<\/p>\n<p><strong>Senkung von Zucker und St\u00e4rke<\/strong><br \/>\nDer Zusatz von Lieschgras zu Seniores Priores f\u00fchrt zu einer weiteren geringf\u00fcgigen Verringerung des Gesamtzucker- und St\u00e4rkegehalts des Produkts.<br \/>\nNat\u00fcrlich sind der Geschmack und der Geruch immer noch derselbe wie vorher.<\/p>","protected":false},"excerpt":{"rendered":"<p>Seniores Priores gibt es seit 20 Jahren, und nach all diesen Jahren entwickeln wir das Produkt immer noch weiter. Damit es noch besser zu Ihnen und Ihrem Pferd passt. Jetzt mit Lieschgraspulpe Subli Seniores Priores ist jetzt mit Lieschgraspulpe angereichert. Lieschgras ist eine Grasart und Gras geh\u00f6rt zur Grundlage der Ration eines Pferdes....<\/p>","protected":false},"author":4,"featured_media":0,"comment_status":"closed","ping_status":"closed","sticky":false,"template":"","format":"standard","meta":{"_acf_changed":false,"footnotes":""},"categories":[5],"tags":[],"class_list":["post-8896","post","type-post","status-publish","format-standard","hentry","category-nieuws"],"acf":[],"yoast_head":"<!-- This site is optimized with the Yoast SEO plugin v27.4 - https:\/\/yoast.com\/product\/yoast-seo-wordpress\/ -->\n<title>Samenstelling Subli Seniores Priores is verbeterd | Subli<\/title>\n<meta name=\"robots\" content=\"index, follow, max-snippet:-1, max-image-preview:large, max-video-preview:-1\" \/>\n<link rel=\"canonical\" href=\"https:\/\/subli.nl\/de\/zusammensetzung-subli-seniores-priores-wurde-verbessert\/\" \/>\n<meta property=\"og:locale\" content=\"de_DE\" \/>\n<meta property=\"og:type\" content=\"article\" \/>\n<meta property=\"og:title\" content=\"Samenstelling Subli Seniores Priores is verbeterd | Subli\" \/>\n<meta property=\"og:description\" content=\"Seniores Priores bestaat 20 jaar en na al die jaren blijven we het product nog steeds doorontwikkelen. Zodat het nog beter bij jou en jouw paard past. Nu met timotheebrok Aan de Subli Seniores Priores is nu timotheebrok toegevoegd. Timothee is een grassoort en gras behoort tot de basis van het rantsoen van een paard....\" \/>\n<meta property=\"og:url\" content=\"https:\/\/subli.nl\/de\/zusammensetzung-subli-seniores-priores-wurde-verbessert\/\" \/>\n<meta property=\"og:site_name\" content=\"Subli\" \/>\n<meta property=\"article:published_time\" content=\"2025-07-29T12:39:44+00:00\" \/>\n<meta property=\"article:modified_time\" content=\"2025-07-29T12:42:00+00:00\" \/>\n<meta property=\"og:image\" content=\"https:\/\/subli.nl\/wp-content\/uploads\/2025\/07\/Subli-Seniores-Priores-nieuwe-samenstelling-juli-2025-met-timotheebrok-scaled-e1753792632356.jpg\" \/>\n\t<meta property=\"og:image:width\" content=\"1354\" \/>\n\t<meta property=\"og:image:height\" content=\"1200\" \/>\n\t<meta property=\"og:image:type\" content=\"image\/jpeg\" \/>\n<meta name=\"author\" content=\"subli_editor\" \/>\n<meta name=\"twitter:card\" content=\"summary_large_image\" \/>\n<meta name=\"twitter:label1\" content=\"Verfasst von\" \/>\n\t<meta name=\"twitter:data1\" content=\"subli_editor\" \/>\n\t<meta name=\"twitter:label2\" content=\"Gesch\u00e4tzte Lesezeit\" \/>\n\t<meta name=\"twitter:data2\" content=\"1\u00a0Minute\" \/>\n<script type=\"application\/ld+json\" class=\"yoast-schema-graph\">{\"@context\":\"https:\\\/\\\/schema.org\",\"@graph\":[{\"@type\":\"Article\",\"@id\":\"https:\\\/\\\/subli.nl\\\/samenstelling-subli-seniores-priores-is-verbeterd\\\/#article\",\"isPartOf\":{\"@id\":\"https:\\\/\\\/subli.nl\\\/samenstelling-subli-seniores-priores-is-verbeterd\\\/\"},\"author\":{\"name\":\"subli_editor\",\"@id\":\"https:\\\/\\\/subli.nl\\\/#\\\/schema\\\/person\\\/d0722bffe598d661ecb65b14363d707e\"},\"headline\":\"Samenstelling Subli Seniores Priores is verbeterd\",\"datePublished\":\"2025-07-29T12:39:44+00:00\",\"dateModified\":\"2025-07-29T12:42:00+00:00\",\"mainEntityOfPage\":{\"@id\":\"https:\\\/\\\/subli.nl\\\/samenstelling-subli-seniores-priores-is-verbeterd\\\/\"},\"wordCount\":111,\"publisher\":{\"@id\":\"https:\\\/\\\/subli.nl\\\/#organization\"},\"image\":{\"@id\":\"https:\\\/\\\/subli.nl\\\/samenstelling-subli-seniores-priores-is-verbeterd\\\/#primaryimage\"},\"thumbnailUrl\":\"https:\\\/\\\/subli.nl\\\/wp-content\\\/uploads\\\/2025\\\/07\\\/Subli-Seniores-Priores-nieuwe-samenstelling-juli-2025-met-timotheebrok-scaled-e1753792632356.jpg\",\"articleSection\":[\"Nieuws\"],\"inLanguage\":\"de\"},{\"@type\":\"WebPage\",\"@id\":\"https:\\\/\\\/subli.nl\\\/samenstelling-subli-seniores-priores-is-verbeterd\\\/\",\"url\":\"https:\\\/\\\/subli.nl\\\/samenstelling-subli-seniores-priores-is-verbeterd\\\/\",\"name\":\"Samenstelling Subli Seniores Priores is verbeterd | Subli\",\"isPartOf\":{\"@id\":\"https:\\\/\\\/subli.nl\\\/#website\"},\"primaryImageOfPage\":{\"@id\":\"https:\\\/\\\/subli.nl\\\/samenstelling-subli-seniores-priores-is-verbeterd\\\/#primaryimage\"},\"image\":{\"@id\":\"https:\\\/\\\/subli.nl\\\/samenstelling-subli-seniores-priores-is-verbeterd\\\/#primaryimage\"},\"thumbnailUrl\":\"https:\\\/\\\/subli.nl\\\/wp-content\\\/uploads\\\/2025\\\/07\\\/Subli-Seniores-Priores-nieuwe-samenstelling-juli-2025-met-timotheebrok-scaled-e1753792632356.jpg\",\"datePublished\":\"2025-07-29T12:39:44+00:00\",\"dateModified\":\"2025-07-29T12:42:00+00:00\",\"inLanguage\":\"de\",\"potentialAction\":[{\"@type\":\"ReadAction\",\"target\":[\"https:\\\/\\\/subli.nl\\\/samenstelling-subli-seniores-priores-is-verbeterd\\\/\"]}]},{\"@type\":\"ImageObject\",\"inLanguage\":\"de\",\"@id\":\"https:\\\/\\\/subli.nl\\\/samenstelling-subli-seniores-priores-is-verbeterd\\\/#primaryimage\",\"url\":\"https:\\\/\\\/subli.nl\\\/wp-content\\\/uploads\\\/2025\\\/07\\\/Subli-Seniores-Priores-nieuwe-samenstelling-juli-2025-met-timotheebrok-scaled-e1753792632356.jpg\",\"contentUrl\":\"https:\\\/\\\/subli.nl\\\/wp-content\\\/uploads\\\/2025\\\/07\\\/Subli-Seniores-Priores-nieuwe-samenstelling-juli-2025-met-timotheebrok-scaled-e1753792632356.jpg\"},{\"@type\":\"WebSite\",\"@id\":\"https:\\\/\\\/subli.nl\\\/#website\",\"url\":\"https:\\\/\\\/subli.nl\\\/\",\"name\":\"Subli\",\"description\":\"Paardenvoeders\",\"publisher\":{\"@id\":\"https:\\\/\\\/subli.nl\\\/#organization\"},\"potentialAction\":[{\"@type\":\"SearchAction\",\"target\":{\"@type\":\"EntryPoint\",\"urlTemplate\":\"https:\\\/\\\/subli.nl\\\/?s={search_term_string}\"},\"query-input\":{\"@type\":\"PropertyValueSpecification\",\"valueRequired\":true,\"valueName\":\"search_term_string\"}}],\"inLanguage\":\"de\"},{\"@type\":\"Organization\",\"@id\":\"https:\\\/\\\/subli.nl\\\/#organization\",\"name\":\"Subli\",\"url\":\"https:\\\/\\\/subli.nl\\\/\",\"logo\":{\"@type\":\"ImageObject\",\"inLanguage\":\"de\",\"@id\":\"https:\\\/\\\/subli.nl\\\/#\\\/schema\\\/logo\\\/image\\\/\",\"url\":\"https:\\\/\\\/subli.nl\\\/wp-content\\\/uploads\\\/2023\\\/06\\\/logo-subli-nieuw.svg\",\"contentUrl\":\"https:\\\/\\\/subli.nl\\\/wp-content\\\/uploads\\\/2023\\\/06\\\/logo-subli-nieuw.svg\",\"width\":100,\"height\":100,\"caption\":\"Subli\"},\"image\":{\"@id\":\"https:\\\/\\\/subli.nl\\\/#\\\/schema\\\/logo\\\/image\\\/\"}},{\"@type\":\"Person\",\"@id\":\"https:\\\/\\\/subli.nl\\\/#\\\/schema\\\/person\\\/d0722bffe598d661ecb65b14363d707e\",\"name\":\"subli_editor\",\"url\":\"https:\\\/\\\/subli.nl\\\/de\\\/author\\\/subli_editor\\\/\"}]}<\/script>\n<!-- \/ Yoast SEO plugin. -->","yoast_head_json":{"title":"Die Zusammensetzung von Subli Seniores Priores wurde verbessert | Subli","robots":{"index":"index","follow":"follow","max-snippet":"max-snippet:-1","max-image-preview":"max-image-preview:large","max-video-preview":"max-video-preview:-1"},"canonical":"https:\/\/subli.nl\/de\/zusammensetzung-subli-seniores-priores-wurde-verbessert\/","og_locale":"de_DE","og_type":"article","og_title":"Samenstelling Subli Seniores Priores is verbeterd | Subli","og_description":"Seniores Priores bestaat 20 jaar en na al die jaren blijven we het product nog steeds doorontwikkelen. Zodat het nog beter bij jou en jouw paard past. Nu met timotheebrok Aan de Subli Seniores Priores is nu timotheebrok toegevoegd. Timothee is een grassoort en gras behoort tot de basis van het rantsoen van een paard....","og_url":"https:\/\/subli.nl\/de\/zusammensetzung-subli-seniores-priores-wurde-verbessert\/","og_site_name":"Subli","article_published_time":"2025-07-29T12:39:44+00:00","article_modified_time":"2025-07-29T12:42:00+00:00","og_image":[{"width":1354,"height":1200,"url":"https:\/\/subli.nl\/wp-content\/uploads\/2025\/07\/Subli-Seniores-Priores-nieuwe-samenstelling-juli-2025-met-timotheebrok-scaled-e1753792632356.jpg","type":"image\/jpeg"}],"author":"subli_editor","twitter_card":"summary_large_image","twitter_misc":{"Verfasst von":"subli_editor","Gesch\u00e4tzte Lesezeit":"1\u00a0Minute"},"schema":{"@context":"https:\/\/schema.org","@graph":[{"@type":"Article","@id":"https:\/\/subli.nl\/samenstelling-subli-seniores-priores-is-verbeterd\/#article","isPartOf":{"@id":"https:\/\/subli.nl\/samenstelling-subli-seniores-priores-is-verbeterd\/"},"author":{"name":"subli_editor","@id":"https:\/\/subli.nl\/#\/schema\/person\/d0722bffe598d661ecb65b14363d707e"},"headline":"Samenstelling Subli Seniores Priores is verbeterd","datePublished":"2025-07-29T12:39:44+00:00","dateModified":"2025-07-29T12:42:00+00:00","mainEntityOfPage":{"@id":"https:\/\/subli.nl\/samenstelling-subli-seniores-priores-is-verbeterd\/"},"wordCount":111,"publisher":{"@id":"https:\/\/subli.nl\/#organization"},"image":{"@id":"https:\/\/subli.nl\/samenstelling-subli-seniores-priores-is-verbeterd\/#primaryimage"},"thumbnailUrl":"https:\/\/subli.nl\/wp-content\/uploads\/2025\/07\/Subli-Seniores-Priores-nieuwe-samenstelling-juli-2025-met-timotheebrok-scaled-e1753792632356.jpg","articleSection":["Nieuws"],"inLanguage":"de"},{"@type":"WebPage","@id":"https:\/\/subli.nl\/samenstelling-subli-seniores-priores-is-verbeterd\/","url":"https:\/\/subli.nl\/samenstelling-subli-seniores-priores-is-verbeterd\/","name":"Die Zusammensetzung von Subli Seniores Priores wurde verbessert | Subli","isPartOf":{"@id":"https:\/\/subli.nl\/#website"},"primaryImageOfPage":{"@id":"https:\/\/subli.nl\/samenstelling-subli-seniores-priores-is-verbeterd\/#primaryimage"},"image":{"@id":"https:\/\/subli.nl\/samenstelling-subli-seniores-priores-is-verbeterd\/#primaryimage"},"thumbnailUrl":"https:\/\/subli.nl\/wp-content\/uploads\/2025\/07\/Subli-Seniores-Priores-nieuwe-samenstelling-juli-2025-met-timotheebrok-scaled-e1753792632356.jpg","datePublished":"2025-07-29T12:39:44+00:00","dateModified":"2025-07-29T12:42:00+00:00","inLanguage":"de","potentialAction":[{"@type":"ReadAction","target":["https:\/\/subli.nl\/samenstelling-subli-seniores-priores-is-verbeterd\/"]}]},{"@type":"ImageObject","inLanguage":"de","@id":"https:\/\/subli.nl\/samenstelling-subli-seniores-priores-is-verbeterd\/#primaryimage","url":"https:\/\/subli.nl\/wp-content\/uploads\/2025\/07\/Subli-Seniores-Priores-nieuwe-samenstelling-juli-2025-met-timotheebrok-scaled-e1753792632356.jpg","contentUrl":"https:\/\/subli.nl\/wp-content\/uploads\/2025\/07\/Subli-Seniores-Priores-nieuwe-samenstelling-juli-2025-met-timotheebrok-scaled-e1753792632356.jpg"},{"@type":"WebSite","@id":"https:\/\/subli.nl\/#website","url":"https:\/\/subli.nl\/","name":"Subli","description":"Pferdefutter","publisher":{"@id":"https:\/\/subli.nl\/#organization"},"potentialAction":[{"@type":"SearchAction","target":{"@type":"EntryPoint","urlTemplate":"https:\/\/subli.nl\/?s={search_term_string}"},"query-input":{"@type":"PropertyValueSpecification","valueRequired":true,"valueName":"search_term_string"}}],"inLanguage":"de"},{"@type":"Organization","@id":"https:\/\/subli.nl\/#organization","name":"Subli","url":"https:\/\/subli.nl\/","logo":{"@type":"ImageObject","inLanguage":"de","@id":"https:\/\/subli.nl\/#\/schema\/logo\/image\/","url":"https:\/\/subli.nl\/wp-content\/uploads\/2023\/06\/logo-subli-nieuw.svg","contentUrl":"https:\/\/subli.nl\/wp-content\/uploads\/2023\/06\/logo-subli-nieuw.svg","width":100,"height":100,"caption":"Subli"},"image":{"@id":"https:\/\/subli.nl\/#\/schema\/logo\/image\/"}},{"@type":"Person","@id":"https:\/\/subli.nl\/#\/schema\/person\/d0722bffe598d661ecb65b14363d707e","name":"subli_editor","url":"https:\/\/subli.nl\/de\/author\/subli_editor\/"}]}},"_links":{"self":[{"href":"https:\/\/subli.nl\/de\/wp-json\/wp\/v2\/posts\/8896","targetHints":{"allow":["GET"]}}],"collection":[{"href":"https:\/\/subli.nl\/de\/wp-json\/wp\/v2\/posts"}],"about":[{"href":"https:\/\/subli.nl\/de\/wp-json\/wp\/v2\/types\/post"}],"author":[{"embeddable":true,"href":"https:\/\/subli.nl\/de\/wp-json\/wp\/v2\/users\/4"}],"replies":[{"embeddable":true,"href":"https:\/\/subli.nl\/de\/wp-json\/wp\/v2\/comments?post=8896"}],"version-history":[{"count":5,"href":"https:\/\/subli.nl\/de\/wp-json\/wp\/v2\/posts\/8896\/revisions"}],"predecessor-version":[{"id":8907,"href":"https:\/\/subli.nl\/de\/wp-json\/wp\/v2\/posts\/8896\/revisions\/8907"}],"wp:attachment":[{"href":"https:\/\/subli.nl\/de\/wp-json\/wp\/v2\/media?parent=8896"}],"wp:term":[{"taxonomy":"category","embeddable":true,"href":"https:\/\/subli.nl\/de\/wp-json\/wp\/v2\/categories?post=8896"},{"taxonomy":"post_tag","embeddable":true,"href":"https:\/\/subli.nl\/de\/wp-json\/wp\/v2\/tags?post=8896"}],"curies":[{"name":"wp","href":"https:\/\/api.w.org\/{rel}","templated":true}]}}