{"id":8826,"date":"2025-01-29T09:47:54","date_gmt":"2025-01-29T08:47:54","guid":{"rendered":"https:\/\/subli.nl\/?p=8826"},"modified":"2025-01-29T10:39:33","modified_gmt":"2025-01-29T09:39:33","slug":"emmelie-scholtens-und-charlotte-fry-gewinnen-das-finale-des-subli-wettbewerbs","status":"publish","type":"post","link":"https:\/\/subli.nl\/de\/emmelie-scholtens-en-charlotte-fry-winnen-finale-van-de-subli-competitie\/","title":{"rendered":"Emmelie Scholtens und Charlotte Fry gewinnen das Finale des Subli-Wettbewerbs"},"content":{"rendered":"<p data-pm-slice=\"1 1 []\"><img loading=\"lazy\" decoding=\"async\" class=\"alignnone size-full wp-image-8827\" src=\"https:\/\/subli.nl\/wp-content\/uploads\/2025\/01\/Winaars-Subli-Competitie-2024-1200x630-1.jpg\" alt=\"Gewinner des letzten Subli-Wettbewerbs 2024-2025\" width=\"1200\" height=\"630\" srcset=\"https:\/\/subli.nl\/wp-content\/uploads\/2025\/01\/Winaars-Subli-Competitie-2024-1200x630-1.jpg 1200w, https:\/\/subli.nl\/wp-content\/uploads\/2025\/01\/Winaars-Subli-Competitie-2024-1200x630-1-250x131.jpg 250w, https:\/\/subli.nl\/wp-content\/uploads\/2025\/01\/Winaars-Subli-Competitie-2024-1200x630-1-700x368.jpg 700w, https:\/\/subli.nl\/wp-content\/uploads\/2025\/01\/Winaars-Subli-Competitie-2024-1200x630-1-768x403.jpg 768w, https:\/\/subli.nl\/wp-content\/uploads\/2025\/01\/Winaars-Subli-Competitie-2024-1200x630-1-18x9.jpg 18w, https:\/\/subli.nl\/wp-content\/uploads\/2025\/01\/Winaars-Subli-Competitie-2024-1200x630-1-120x63.jpg 120w\" sizes=\"auto, (max-width: 1200px) 100vw, 1200px\" \/><\/p>\n<p data-pm-slice=\"1 1 []\">Das Finale des Subli-Wettbewerbs am Donnerstag, 23. Januar, war ein wunderbarer Abschluss einer spannenden Saison. In einem beeindruckenden Ambiente bei Jumping Amsterdam k\u00e4mpften die talentierten jungen Pferde und ihre Reiter um die begehrten Titel. Das Publikum erlebte hochkar\u00e4tige Dressurleistungen und einen sportlichen Kampf, bei dem Emmelie Scholtens und Charlotte Fry schlie\u00dflich die Siege errangen.<\/p>\n<h2 data-pm-slice=\"1 1 []\">Emmelie Scholtens beeindruckt mit Port-Au-Prince<\/h2>\n<p data-pm-slice=\"1 1 []\">Bei den Vierj\u00e4hrigen war es Emmelie Scholtens, die mit dem talentierten Port-Au-Prince den Sieg errang. Port-Au-Prince ist ein Sohn von Emmelie's eigenem Spitzenpferd Desperado. \"<em>Es f\u00fchlte sich an, als ob ich eine j\u00fcngere Version von ihm reiten w\u00fcrde. Er kann alles, hat einen mega guten Charakter und eine sehr sch\u00f6ne Ausstrahlung. Er ist ein positives und fr\u00f6hliches Pferd. Das ist ein toller Start in das neue Jahr. Es ist ein sch\u00f6nes Ambiente und es sind noch junge Pferde. Ich habe ihn wieder genossen.\"<\/em> sagte eine zufriedene Emmelie Scholtens.<\/p>\n<h2 data-pm-slice=\"1 1 []\">Charlotte Fry gl\u00e4nzt mit Secret Lover<\/h2>\n<p data-pm-slice=\"1 1 []\">In der Klasse der F\u00fcnfj\u00e4hrigen sicherte sich Charlotte Fry mit Secret Lover den Sieg. Sie waren einen Bruchteil (0,6%) besser als Lara van Nek mit Obsession Taonga. Beide Pferde zeigten sich in allen Belangen von ihrer besten Seite und erreichten ein extrem hohes Niveau. Die Siegerin des letztj\u00e4hrigen Subli Cups musste sich diesmal mit dem dritten Platz begn\u00fcgen. Oromance (For Romance I x Rousseau) punktete mit Femke de Laat vor allem im Trab (9) und kam auf 80,2%.<\/p>\n<p data-pm-slice=\"1 1 []\"><em>\"Secret Lover war gro\u00dfartig. Es ist nat\u00fcrlich eine beeindruckende Atmosph\u00e4re f\u00fcr einen F\u00fcnfj\u00e4hrigen, aber er war sehr konzentriert und hatte Spa\u00df. Ich bin sehr stolz auf ihn. Er hat tolle G\u00e4nge und einen tollen Charakter. Er ist in allem gut!\"<\/em> Charlotte Fry sprach mit Begeisterung.<\/p>\n<h2 data-pm-slice=\"1 1 []\">Finale Subli-Wettbewerb f\u00fcr junge Dressurpferde 2024\/2025<\/h2>\n<h3 data-pm-slice=\"1 1 []\">Ergebnisse vierj\u00e4hrige Dressurpferde<\/h3>\n<ol>\n<li data-pm-slice=\"1 1 []\">Emmelie Scholtens, Port-au-Prince - 87.320 %<\/li>\n<li data-pm-slice=\"1 1 []\">Bart Veeze, R\u00f6misches Reich - 84,200 %<\/li>\n<li data-pm-slice=\"1 1 []\">Dinja van Liere, Nachfolge - 84.080 %<\/li>\n<li data-pm-slice=\"1 1 []\">Anke van Moer, Hexagons Power Dutch - 83,120 %<\/li>\n<li data-pm-slice=\"1 1 []\">Robert-Jan de Visser, Puma Tc - 81,720 %<\/li>\n<\/ol>\n<p><img loading=\"lazy\" decoding=\"async\" class=\"alignnone size-full wp-image-8828\" src=\"https:\/\/subli.nl\/wp-content\/uploads\/2025\/01\/subli-competitie-winnaars-vierjarigen-1200x630-1.jpg\" alt=\"Gewinnerinnen und Gewinner des Subli-Wettbewerbs 2024-2025 f\u00fcr Vierj\u00e4hrige\" width=\"1200\" height=\"630\" srcset=\"https:\/\/subli.nl\/wp-content\/uploads\/2025\/01\/subli-competitie-winnaars-vierjarigen-1200x630-1.jpg 1200w, https:\/\/subli.nl\/wp-content\/uploads\/2025\/01\/subli-competitie-winnaars-vierjarigen-1200x630-1-250x131.jpg 250w, https:\/\/subli.nl\/wp-content\/uploads\/2025\/01\/subli-competitie-winnaars-vierjarigen-1200x630-1-700x368.jpg 700w, https:\/\/subli.nl\/wp-content\/uploads\/2025\/01\/subli-competitie-winnaars-vierjarigen-1200x630-1-768x403.jpg 768w, https:\/\/subli.nl\/wp-content\/uploads\/2025\/01\/subli-competitie-winnaars-vierjarigen-1200x630-1-18x9.jpg 18w, https:\/\/subli.nl\/wp-content\/uploads\/2025\/01\/subli-competitie-winnaars-vierjarigen-1200x630-1-120x63.jpg 120w\" sizes=\"auto, (max-width: 1200px) 100vw, 1200px\" \/><\/p>\n<h3>Ergebnisse f\u00fcnfj\u00e4hrige Dressurpferde<\/h3>\n<ol>\n<li>Charlotte Fry, Heimliche Geliebte - 87,600 %<\/li>\n<li>Lara van Nek, Besessenheit Taonga - 87.000 %<\/li>\n<li>Femke de Laat, Oromance - 80,200 %<\/li>\n<li>Tessa Kole, Hexagons Oprahmanda - 78,200 %<\/li>\n<li>Vai Bruntink, Oletaire - 71.800 %<\/li>\n<\/ol>\n<p><img loading=\"lazy\" decoding=\"async\" class=\"alignnone size-full wp-image-8829\" src=\"https:\/\/subli.nl\/wp-content\/uploads\/2025\/01\/subli-competitie-winnaars-vijfarigen-1200x630-1.jpg\" alt=\"Gewinner F\u00fcnfj\u00e4hrige Finale Subli Wettbewerb 2024-2025\" width=\"1200\" height=\"630\" srcset=\"https:\/\/subli.nl\/wp-content\/uploads\/2025\/01\/subli-competitie-winnaars-vijfarigen-1200x630-1.jpg 1200w, https:\/\/subli.nl\/wp-content\/uploads\/2025\/01\/subli-competitie-winnaars-vijfarigen-1200x630-1-250x131.jpg 250w, https:\/\/subli.nl\/wp-content\/uploads\/2025\/01\/subli-competitie-winnaars-vijfarigen-1200x630-1-700x368.jpg 700w, https:\/\/subli.nl\/wp-content\/uploads\/2025\/01\/subli-competitie-winnaars-vijfarigen-1200x630-1-768x403.jpg 768w, https:\/\/subli.nl\/wp-content\/uploads\/2025\/01\/subli-competitie-winnaars-vijfarigen-1200x630-1-18x9.jpg 18w, https:\/\/subli.nl\/wp-content\/uploads\/2025\/01\/subli-competitie-winnaars-vijfarigen-1200x630-1-120x63.jpg 120w\" sizes=\"auto, (max-width: 1200px) 100vw, 1200px\" \/><\/p>\n<p>Es war eine weitere gro\u00dfartige Saison des <a href=\"https:\/\/subli.nl\/competitie-jonge-dressuurpaarden\/\">Subli Wettbewerb<\/a>. Wir gratulieren allen Teilnehmern zu ihren Leistungen und freuen uns schon auf die n\u00e4chste Saison! M\u00f6chten Sie \u00fcber alle Entwicklungen rund um den Subli-Wettbewerb auf dem Laufenden bleiben? Folgen Sie uns auf <a href=\"https:\/\/www.instagram.com\/subli_paardenvoeders\/\" target=\"_blank\" rel=\"noopener\">Instagram<\/a> oder <a href=\"https:\/\/www.facebook.com\/SubliPaardenvoeders\/\" target=\"_blank\" rel=\"noopener\">Facebook<\/a> und <a href=\"https:\/\/subli.nl\/nieuwsbrief\/\">Melden Sie sich f\u00fcr unseren Newsletter an<\/a>.<\/p>","protected":false},"excerpt":{"rendered":"<p>Das Finale des Subli-Wettbewerbs am Donnerstag, 23. Januar, war ein wunderbarer Abschluss einer spannenden Saison. In einem beeindruckenden Ambiente auf dem Jumping Amsterdam k\u00e4mpften die talentierten jungen Pferde und ihre Reiterinnen um die begehrten Titel. Die Zuschauer erlebten hochkar\u00e4tige Dressurleistungen und einen sportlichen Kampf, bei dem am Ende Emmelie Scholtens und Charlotte Fry den...<\/p>","protected":false},"author":4,"featured_media":0,"comment_status":"closed","ping_status":"closed","sticky":false,"template":"","format":"standard","meta":{"_acf_changed":false,"footnotes":""},"categories":[74],"tags":[],"class_list":["post-8826","post","type-post","status-publish","format-standard","hentry","category-subli-competitie"],"acf":[],"yoast_head":"<!-- This site is optimized with the Yoast SEO plugin v27.4 - https:\/\/yoast.com\/product\/yoast-seo-wordpress\/ -->\n<title>Emmelie Scholtens en Charlotte Fry winnen finale van de Subli Competitie | Subli<\/title>\n<meta name=\"description\" content=\"De finale van de Subli Competitie op donderdag 23 januari was een prachtige afsluiting van een spannend seizoen. In dit artikel blikken we terug.\" \/>\n<meta name=\"robots\" content=\"index, follow, max-snippet:-1, max-image-preview:large, max-video-preview:-1\" \/>\n<link rel=\"canonical\" href=\"https:\/\/subli.nl\/de\/emmelie-scholtens-und-charlotte-fry-gewinnen-das-finale-des-subli-wettbewerbs\/\" \/>\n<meta property=\"og:locale\" content=\"de_DE\" \/>\n<meta property=\"og:type\" content=\"article\" \/>\n<meta property=\"og:title\" content=\"Emmelie Scholtens en Charlotte Fry winnen finale van de Subli Competitie | Subli\" \/>\n<meta property=\"og:description\" content=\"De finale van de Subli Competitie op donderdag 23 januari was een prachtige afsluiting van een spannend seizoen. In dit artikel blikken we terug.\" \/>\n<meta property=\"og:url\" content=\"https:\/\/subli.nl\/de\/emmelie-scholtens-und-charlotte-fry-gewinnen-das-finale-des-subli-wettbewerbs\/\" \/>\n<meta property=\"og:site_name\" content=\"Subli\" \/>\n<meta property=\"article:published_time\" content=\"2025-01-29T08:47:54+00:00\" \/>\n<meta property=\"article:modified_time\" content=\"2025-01-29T09:39:33+00:00\" \/>\n<meta property=\"og:image\" content=\"https:\/\/subli.nl\/wp-content\/uploads\/2025\/01\/Winaars-Subli-Competitie-2024-1200x630-1.jpg\" \/>\n\t<meta property=\"og:image:width\" content=\"1200\" \/>\n\t<meta property=\"og:image:height\" content=\"630\" \/>\n\t<meta property=\"og:image:type\" content=\"image\/jpeg\" \/>\n<meta name=\"author\" content=\"subli_editor\" \/>\n<meta name=\"twitter:card\" content=\"summary_large_image\" \/>\n<meta name=\"twitter:label1\" content=\"Verfasst von\" \/>\n\t<meta name=\"twitter:data1\" content=\"subli_editor\" \/>\n\t<meta name=\"twitter:label2\" content=\"Gesch\u00e4tzte Lesezeit\" \/>\n\t<meta name=\"twitter:data2\" content=\"3\u00a0Minuten\" \/>\n<script type=\"application\/ld+json\" class=\"yoast-schema-graph\">{\"@context\":\"https:\\\/\\\/schema.org\",\"@graph\":[{\"@type\":\"Article\",\"@id\":\"https:\\\/\\\/subli.nl\\\/emmelie-scholtens-en-charlotte-fry-winnen-finale-van-de-subli-competitie\\\/#article\",\"isPartOf\":{\"@id\":\"https:\\\/\\\/subli.nl\\\/emmelie-scholtens-en-charlotte-fry-winnen-finale-van-de-subli-competitie\\\/\"},\"author\":{\"name\":\"subli_editor\",\"@id\":\"https:\\\/\\\/subli.nl\\\/#\\\/schema\\\/person\\\/d0722bffe598d661ecb65b14363d707e\"},\"headline\":\"Emmelie Scholtens en Charlotte Fry winnen finale van de Subli Competitie\",\"datePublished\":\"2025-01-29T08:47:54+00:00\",\"dateModified\":\"2025-01-29T09:39:33+00:00\",\"mainEntityOfPage\":{\"@id\":\"https:\\\/\\\/subli.nl\\\/emmelie-scholtens-en-charlotte-fry-winnen-finale-van-de-subli-competitie\\\/\"},\"wordCount\":406,\"publisher\":{\"@id\":\"https:\\\/\\\/subli.nl\\\/#organization\"},\"image\":{\"@id\":\"https:\\\/\\\/subli.nl\\\/emmelie-scholtens-en-charlotte-fry-winnen-finale-van-de-subli-competitie\\\/#primaryimage\"},\"thumbnailUrl\":\"https:\\\/\\\/subli.nl\\\/wp-content\\\/uploads\\\/2025\\\/01\\\/Winaars-Subli-Competitie-2024-1200x630-1.jpg\",\"articleSection\":[\"Subli Competitie\"],\"inLanguage\":\"de\"},{\"@type\":\"WebPage\",\"@id\":\"https:\\\/\\\/subli.nl\\\/emmelie-scholtens-en-charlotte-fry-winnen-finale-van-de-subli-competitie\\\/\",\"url\":\"https:\\\/\\\/subli.nl\\\/emmelie-scholtens-en-charlotte-fry-winnen-finale-van-de-subli-competitie\\\/\",\"name\":\"Emmelie Scholtens en Charlotte Fry winnen finale van de Subli Competitie | Subli\",\"isPartOf\":{\"@id\":\"https:\\\/\\\/subli.nl\\\/#website\"},\"primaryImageOfPage\":{\"@id\":\"https:\\\/\\\/subli.nl\\\/emmelie-scholtens-en-charlotte-fry-winnen-finale-van-de-subli-competitie\\\/#primaryimage\"},\"image\":{\"@id\":\"https:\\\/\\\/subli.nl\\\/emmelie-scholtens-en-charlotte-fry-winnen-finale-van-de-subli-competitie\\\/#primaryimage\"},\"thumbnailUrl\":\"https:\\\/\\\/subli.nl\\\/wp-content\\\/uploads\\\/2025\\\/01\\\/Winaars-Subli-Competitie-2024-1200x630-1.jpg\",\"datePublished\":\"2025-01-29T08:47:54+00:00\",\"dateModified\":\"2025-01-29T09:39:33+00:00\",\"description\":\"De finale van de Subli Competitie op donderdag 23 januari was een prachtige afsluiting van een spannend seizoen. In dit artikel blikken we terug.\",\"inLanguage\":\"de\",\"potentialAction\":[{\"@type\":\"ReadAction\",\"target\":[\"https:\\\/\\\/subli.nl\\\/emmelie-scholtens-en-charlotte-fry-winnen-finale-van-de-subli-competitie\\\/\"]}]},{\"@type\":\"ImageObject\",\"inLanguage\":\"de\",\"@id\":\"https:\\\/\\\/subli.nl\\\/emmelie-scholtens-en-charlotte-fry-winnen-finale-van-de-subli-competitie\\\/#primaryimage\",\"url\":\"https:\\\/\\\/subli.nl\\\/wp-content\\\/uploads\\\/2025\\\/01\\\/Winaars-Subli-Competitie-2024-1200x630-1.jpg\",\"contentUrl\":\"https:\\\/\\\/subli.nl\\\/wp-content\\\/uploads\\\/2025\\\/01\\\/Winaars-Subli-Competitie-2024-1200x630-1.jpg\"},{\"@type\":\"WebSite\",\"@id\":\"https:\\\/\\\/subli.nl\\\/#website\",\"url\":\"https:\\\/\\\/subli.nl\\\/\",\"name\":\"Subli\",\"description\":\"Paardenvoeders\",\"publisher\":{\"@id\":\"https:\\\/\\\/subli.nl\\\/#organization\"},\"potentialAction\":[{\"@type\":\"SearchAction\",\"target\":{\"@type\":\"EntryPoint\",\"urlTemplate\":\"https:\\\/\\\/subli.nl\\\/?s={search_term_string}\"},\"query-input\":{\"@type\":\"PropertyValueSpecification\",\"valueRequired\":true,\"valueName\":\"search_term_string\"}}],\"inLanguage\":\"de\"},{\"@type\":\"Organization\",\"@id\":\"https:\\\/\\\/subli.nl\\\/#organization\",\"name\":\"Subli\",\"url\":\"https:\\\/\\\/subli.nl\\\/\",\"logo\":{\"@type\":\"ImageObject\",\"inLanguage\":\"de\",\"@id\":\"https:\\\/\\\/subli.nl\\\/#\\\/schema\\\/logo\\\/image\\\/\",\"url\":\"https:\\\/\\\/subli.nl\\\/wp-content\\\/uploads\\\/2023\\\/06\\\/logo-subli-nieuw.svg\",\"contentUrl\":\"https:\\\/\\\/subli.nl\\\/wp-content\\\/uploads\\\/2023\\\/06\\\/logo-subli-nieuw.svg\",\"width\":100,\"height\":100,\"caption\":\"Subli\"},\"image\":{\"@id\":\"https:\\\/\\\/subli.nl\\\/#\\\/schema\\\/logo\\\/image\\\/\"}},{\"@type\":\"Person\",\"@id\":\"https:\\\/\\\/subli.nl\\\/#\\\/schema\\\/person\\\/d0722bffe598d661ecb65b14363d707e\",\"name\":\"subli_editor\",\"url\":\"https:\\\/\\\/subli.nl\\\/de\\\/author\\\/subli_editor\\\/\"}]}<\/script>\n<!-- \/ Yoast SEO plugin. -->","yoast_head_json":{"title":"Emmelie Scholtens und Charlotte Fry gewinnen das Finale des Subli-Wettbewerbs | Subli","description":"Das Finale des Subli-Wettbewerbs am Donnerstag, 23. Januar, war ein wunderbarer Abschluss einer spannenden Saison. In diesem Artikel blicken wir zur\u00fcck.","robots":{"index":"index","follow":"follow","max-snippet":"max-snippet:-1","max-image-preview":"max-image-preview:large","max-video-preview":"max-video-preview:-1"},"canonical":"https:\/\/subli.nl\/de\/emmelie-scholtens-und-charlotte-fry-gewinnen-das-finale-des-subli-wettbewerbs\/","og_locale":"de_DE","og_type":"article","og_title":"Emmelie Scholtens en Charlotte Fry winnen finale van de Subli Competitie | Subli","og_description":"De finale van de Subli Competitie op donderdag 23 januari was een prachtige afsluiting van een spannend seizoen. In dit artikel blikken we terug.","og_url":"https:\/\/subli.nl\/de\/emmelie-scholtens-und-charlotte-fry-gewinnen-das-finale-des-subli-wettbewerbs\/","og_site_name":"Subli","article_published_time":"2025-01-29T08:47:54+00:00","article_modified_time":"2025-01-29T09:39:33+00:00","og_image":[{"width":1200,"height":630,"url":"https:\/\/subli.nl\/wp-content\/uploads\/2025\/01\/Winaars-Subli-Competitie-2024-1200x630-1.jpg","type":"image\/jpeg"}],"author":"subli_editor","twitter_card":"summary_large_image","twitter_misc":{"Verfasst von":"subli_editor","Gesch\u00e4tzte Lesezeit":"3\u00a0Minuten"},"schema":{"@context":"https:\/\/schema.org","@graph":[{"@type":"Article","@id":"https:\/\/subli.nl\/emmelie-scholtens-en-charlotte-fry-winnen-finale-van-de-subli-competitie\/#article","isPartOf":{"@id":"https:\/\/subli.nl\/emmelie-scholtens-en-charlotte-fry-winnen-finale-van-de-subli-competitie\/"},"author":{"name":"subli_editor","@id":"https:\/\/subli.nl\/#\/schema\/person\/d0722bffe598d661ecb65b14363d707e"},"headline":"Emmelie Scholtens en Charlotte Fry winnen finale van de Subli Competitie","datePublished":"2025-01-29T08:47:54+00:00","dateModified":"2025-01-29T09:39:33+00:00","mainEntityOfPage":{"@id":"https:\/\/subli.nl\/emmelie-scholtens-en-charlotte-fry-winnen-finale-van-de-subli-competitie\/"},"wordCount":406,"publisher":{"@id":"https:\/\/subli.nl\/#organization"},"image":{"@id":"https:\/\/subli.nl\/emmelie-scholtens-en-charlotte-fry-winnen-finale-van-de-subli-competitie\/#primaryimage"},"thumbnailUrl":"https:\/\/subli.nl\/wp-content\/uploads\/2025\/01\/Winaars-Subli-Competitie-2024-1200x630-1.jpg","articleSection":["Subli Competitie"],"inLanguage":"de"},{"@type":"WebPage","@id":"https:\/\/subli.nl\/emmelie-scholtens-en-charlotte-fry-winnen-finale-van-de-subli-competitie\/","url":"https:\/\/subli.nl\/emmelie-scholtens-en-charlotte-fry-winnen-finale-van-de-subli-competitie\/","name":"Emmelie Scholtens und Charlotte Fry gewinnen das Finale des Subli-Wettbewerbs | Subli","isPartOf":{"@id":"https:\/\/subli.nl\/#website"},"primaryImageOfPage":{"@id":"https:\/\/subli.nl\/emmelie-scholtens-en-charlotte-fry-winnen-finale-van-de-subli-competitie\/#primaryimage"},"image":{"@id":"https:\/\/subli.nl\/emmelie-scholtens-en-charlotte-fry-winnen-finale-van-de-subli-competitie\/#primaryimage"},"thumbnailUrl":"https:\/\/subli.nl\/wp-content\/uploads\/2025\/01\/Winaars-Subli-Competitie-2024-1200x630-1.jpg","datePublished":"2025-01-29T08:47:54+00:00","dateModified":"2025-01-29T09:39:33+00:00","description":"Das Finale des Subli-Wettbewerbs am Donnerstag, 23. Januar, war ein wunderbarer Abschluss einer spannenden Saison. In diesem Artikel blicken wir zur\u00fcck.","inLanguage":"de","potentialAction":[{"@type":"ReadAction","target":["https:\/\/subli.nl\/emmelie-scholtens-en-charlotte-fry-winnen-finale-van-de-subli-competitie\/"]}]},{"@type":"ImageObject","inLanguage":"de","@id":"https:\/\/subli.nl\/emmelie-scholtens-en-charlotte-fry-winnen-finale-van-de-subli-competitie\/#primaryimage","url":"https:\/\/subli.nl\/wp-content\/uploads\/2025\/01\/Winaars-Subli-Competitie-2024-1200x630-1.jpg","contentUrl":"https:\/\/subli.nl\/wp-content\/uploads\/2025\/01\/Winaars-Subli-Competitie-2024-1200x630-1.jpg"},{"@type":"WebSite","@id":"https:\/\/subli.nl\/#website","url":"https:\/\/subli.nl\/","name":"Subli","description":"Pferdefutter","publisher":{"@id":"https:\/\/subli.nl\/#organization"},"potentialAction":[{"@type":"SearchAction","target":{"@type":"EntryPoint","urlTemplate":"https:\/\/subli.nl\/?s={search_term_string}"},"query-input":{"@type":"PropertyValueSpecification","valueRequired":true,"valueName":"search_term_string"}}],"inLanguage":"de"},{"@type":"Organization","@id":"https:\/\/subli.nl\/#organization","name":"Subli","url":"https:\/\/subli.nl\/","logo":{"@type":"ImageObject","inLanguage":"de","@id":"https:\/\/subli.nl\/#\/schema\/logo\/image\/","url":"https:\/\/subli.nl\/wp-content\/uploads\/2023\/06\/logo-subli-nieuw.svg","contentUrl":"https:\/\/subli.nl\/wp-content\/uploads\/2023\/06\/logo-subli-nieuw.svg","width":100,"height":100,"caption":"Subli"},"image":{"@id":"https:\/\/subli.nl\/#\/schema\/logo\/image\/"}},{"@type":"Person","@id":"https:\/\/subli.nl\/#\/schema\/person\/d0722bffe598d661ecb65b14363d707e","name":"subli_editor","url":"https:\/\/subli.nl\/de\/author\/subli_editor\/"}]}},"_links":{"self":[{"href":"https:\/\/subli.nl\/de\/wp-json\/wp\/v2\/posts\/8826","targetHints":{"allow":["GET"]}}],"collection":[{"href":"https:\/\/subli.nl\/de\/wp-json\/wp\/v2\/posts"}],"about":[{"href":"https:\/\/subli.nl\/de\/wp-json\/wp\/v2\/types\/post"}],"author":[{"embeddable":true,"href":"https:\/\/subli.nl\/de\/wp-json\/wp\/v2\/users\/4"}],"replies":[{"embeddable":true,"href":"https:\/\/subli.nl\/de\/wp-json\/wp\/v2\/comments?post=8826"}],"version-history":[{"count":5,"href":"https:\/\/subli.nl\/de\/wp-json\/wp\/v2\/posts\/8826\/revisions"}],"predecessor-version":[{"id":8835,"href":"https:\/\/subli.nl\/de\/wp-json\/wp\/v2\/posts\/8826\/revisions\/8835"}],"wp:attachment":[{"href":"https:\/\/subli.nl\/de\/wp-json\/wp\/v2\/media?parent=8826"}],"wp:term":[{"taxonomy":"category","embeddable":true,"href":"https:\/\/subli.nl\/de\/wp-json\/wp\/v2\/categories?post=8826"},{"taxonomy":"post_tag","embeddable":true,"href":"https:\/\/subli.nl\/de\/wp-json\/wp\/v2\/tags?post=8826"}],"curies":[{"name":"wp","href":"https:\/\/api.w.org\/{rel}","templated":true}]}}